{"id":7347,"date":"2026-01-25T20:04:36","date_gmt":"2026-01-25T20:04:36","guid":{"rendered":"https:\/\/www.koncert.it\/?p=7347"},"modified":"2026-01-25T20:04:37","modified_gmt":"2026-01-25T20:04:37","slug":"serata-informativa-arco-30-01-2026","status":"publish","type":"post","link":"https:\/\/www.koncert.it\/?p=7347","title":{"rendered":"Serata informativa Arco &#8211; 30\/01\/2026"},"content":{"rendered":"\n<p>Grazie alla collaborazione con un convinto gruppo di attivatori locale, siamo pronti a creare una nuova configurazione di K\u00f6nCeRT nell&#8217;Alto Garda! \ud83c\udf89<br>Negli scorsi mesi \u00e8 stato raccolto l&#8217;interesse concreto di imprese, associazioni del territorio, comitati e gruppi di rappresentanza dei cittadini. Abbiamo il patrocinio del Comune di Arco e altre amministrazioni stanno prendendo in considerazione il progetto.<br>\ud83d\udccc Volete saperne di pi\u00f9?<br>Non mancate alla serata informativa di venerd\u00ec prossimo, 30 gennaio, alle 20.30 presso la Sala dei Vigili del Fuoco in Localit\u00e0 Bruttagosto 12.<br><br>\ud83d\udc49 Parleremo di energia, di sostenibilit\u00e0, di vision per un futuro di scelte consapevoli e democrazia dal basso. Vi faremo scoprire la nostra storia e i nostri obiettivi, e perch\u00e9 aderire alla nostra comunit\u00e0 energetica porta solo benefici, a voi e al vostro territorio.<br><br>Gradita iscrizione gratuita tramite QR-code.<br>Non vediamo l&#8217;ora di incontrarvi!<\/p>\n\n\n\n<p><\/p>\n\n\n\n<figure class=\"wp-block-gallery has-nested-images columns-default is-cropped wp-block-gallery-1 is-layout-flex wp-block-gallery-is-layout-flex\">\n<figure class=\"wp-block-image size-large\"><img loading=\"lazy\" decoding=\"async\" width=\"724\" height=\"1024\" data-id=\"7343\" src=\"https:\/\/www.koncert.it\/wordpress\/wp-content\/uploads\/2026\/01\/2026-01-30_Arco-loc-fronte-724x1024.jpeg\" alt=\"\" class=\"wp-image-7343\" srcset=\"https:\/\/www.koncert.it\/wordpress\/wp-content\/uploads\/2026\/01\/2026-01-30_Arco-loc-fronte-724x1024.jpeg 724w, https:\/\/www.koncert.it\/wordpress\/wp-content\/uploads\/2026\/01\/2026-01-30_Arco-loc-fronte-212x300.jpeg 212w, https:\/\/www.koncert.it\/wordpress\/wp-content\/uploads\/2026\/01\/2026-01-30_Arco-loc-fronte-768x1086.jpeg 768w, https:\/\/www.koncert.it\/wordpress\/wp-content\/uploads\/2026\/01\/2026-01-30_Arco-loc-fronte-1086x1536.jpeg 1086w, https:\/\/www.koncert.it\/wordpress\/wp-content\/uploads\/2026\/01\/2026-01-30_Arco-loc-fronte.jpeg 1131w\" sizes=\"auto, (max-width: 724px) 100vw, 724px\" \/><\/figure>\n\n\n\n<figure class=\"wp-block-image size-large\"><img loading=\"lazy\" decoding=\"async\" width=\"724\" height=\"1024\" data-id=\"7344\" src=\"https:\/\/www.koncert.it\/wordpress\/wp-content\/uploads\/2026\/01\/2026-01-30_Arco-loc-retro-724x1024.jpeg\" alt=\"\" class=\"wp-image-7344\" srcset=\"https:\/\/www.koncert.it\/wordpress\/wp-content\/uploads\/2026\/01\/2026-01-30_Arco-loc-retro-724x1024.jpeg 724w, https:\/\/www.koncert.it\/wordpress\/wp-content\/uploads\/2026\/01\/2026-01-30_Arco-loc-retro-212x300.jpeg 212w, https:\/\/www.koncert.it\/wordpress\/wp-content\/uploads\/2026\/01\/2026-01-30_Arco-loc-retro-768x1086.jpeg 768w, https:\/\/www.koncert.it\/wordpress\/wp-content\/uploads\/2026\/01\/2026-01-30_Arco-loc-retro-1086x1536.jpeg 1086w, https:\/\/www.koncert.it\/wordpress\/wp-content\/uploads\/2026\/01\/2026-01-30_Arco-loc-retro.jpeg 1131w\" sizes=\"auto, (max-width: 724px) 100vw, 724px\" \/><\/figure>\n<\/figure>\n","protected":false},"excerpt":{"rendered":"<p>Grazie alla collaborazione con un convinto gruppo di attivatori locale, siamo pronti a creare una nuova configurazione di K\u00f6nCeRT nell&#8217;Alto Garda! \ud83c\udf89Negli scorsi mesi \u00e8 stato raccolto l&#8217;interesse concreto di imprese, associazioni del territorio, comitati e gruppi di rappresentanza dei cittadini. Abbiamo il patrocinio del Comune di Arco e altre amministrazioni stanno prendendo in considerazione [&hellip;]<\/p>\n","protected":false},"author":3,"featured_media":7346,"comment_status":"open","ping_status":"open","sticky":false,"template":"","format":"standard","meta":{"om_disable_all_campaigns":false,"_monsterinsights_skip_tracking":false,"_monsterinsights_sitenote_active":false,"_monsterinsights_sitenote_note":"","_monsterinsights_sitenote_category":0,"footnotes":""},"categories":[3],"tags":[73,23,21,28,43,42,29,13,40],"class_list":["post-7347","post","type-post","status-publish","format-standard","has-post-thumbnail","hentry","category-incontri-pubblici","tag-arco","tag-comunita","tag-energia","tag-futuro","tag-insieme","tag-orizzonti","tag-partecipazione","tag-rinnovabili","tag-sinergie"],"aioseo_notices":[],"_links":{"self":[{"href":"https:\/\/www.koncert.it\/index.php?rest_route=\/wp\/v2\/posts\/7347","targetHints":{"allow":["GET"]}}],"collection":[{"href":"https:\/\/www.koncert.it\/index.php?rest_route=\/wp\/v2\/posts"}],"about":[{"href":"https:\/\/www.koncert.it\/index.php?rest_route=\/wp\/v2\/types\/post"}],"author":[{"embeddable":true,"href":"https:\/\/www.koncert.it\/index.php?rest_route=\/wp\/v2\/users\/3"}],"replies":[{"embeddable":true,"href":"https:\/\/www.koncert.it\/index.php?rest_route=%2Fwp%2Fv2%2Fcomments&post=7347"}],"version-history":[{"count":1,"href":"https:\/\/www.koncert.it\/index.php?rest_route=\/wp\/v2\/posts\/7347\/revisions"}],"predecessor-version":[{"id":7348,"href":"https:\/\/www.koncert.it\/index.php?rest_route=\/wp\/v2\/posts\/7347\/revisions\/7348"}],"wp:featuredmedia":[{"embeddable":true,"href":"https:\/\/www.koncert.it\/index.php?rest_route=\/wp\/v2\/media\/7346"}],"wp:attachment":[{"href":"https:\/\/www.koncert.it\/index.php?rest_route=%2Fwp%2Fv2%2Fmedia&parent=7347"}],"wp:term":[{"taxonomy":"category","embeddable":true,"href":"https:\/\/www.koncert.it\/index.php?rest_route=%2Fwp%2Fv2%2Fcategories&post=7347"},{"taxonomy":"post_tag","embeddable":true,"href":"https:\/\/www.koncert.it\/index.php?rest_route=%2Fwp%2Fv2%2Ftags&post=7347"}],"curies":[{"name":"wp","href":"https:\/\/api.w.org\/{rel}","templated":true}]}}