{"id":4988,"date":"2024-11-28T18:00:00","date_gmt":"2024-11-28T18:00:00","guid":{"rendered":"https:\/\/www.koncert.it\/wordpress\/?p=4988"},"modified":"2024-12-03T16:06:12","modified_gmt":"2024-12-03T16:06:12","slug":"assemblea-ordinaria-dei-soci-28-11-2024","status":"publish","type":"post","link":"https:\/\/www.koncert.it\/?p=4988","title":{"rendered":"Assemblea ordinaria dei soci &#8211; 28\/11\/2024"},"content":{"rendered":"\n<p>Una partecipata assemblea dei soci quella svoltasi gioved\u00ec 28 novembre 2024 presso il Municipio di San Michele all&#8217;Adige. All&#8217;ordine del giorno, la surroga del compianto consigliere Giovanni Ghezzer, a cui subentra Viviana Tarter che da qualche mese supporta la cooperativa per la comunicazione esterna e i progetti europei, l&#8217;approvazione dell&#8217;Organo di Controllo e del Regolamento con cui redistribuire per la prima annualit\u00e0 l&#8217;incentivo che verr\u00e0 liquidato dal GSE a K\u00f6nCeRT. Tra le varie ed eventuali \u00e8 stato rivolto un appello al passaparola per incrementare sempre pi\u00f9 la base sociale, \u00e8 stato presentato il nuovo Report periodico predisposto da ALPINVISION che sar\u00e0 trasmesso a tutti i soci e sono state prospettate le linee di sviluppo con l&#8217;allargamento ad altre cabine primarie.<\/p>\n\n\n\n<div class=\"wp-block-columns is-layout-flex wp-container-core-columns-is-layout-9d6595d7 wp-block-columns-is-layout-flex\">\n<div class=\"wp-block-column is-layout-flow wp-block-column-is-layout-flow\" style=\"flex-basis:100%\">\n<figure class=\"wp-block-gallery has-nested-images columns-default is-cropped wp-block-gallery-1 is-layout-flex wp-block-gallery-is-layout-flex\">\n<figure class=\"wp-block-image size-large\"><img loading=\"lazy\" decoding=\"async\" width=\"768\" height=\"1024\" data-id=\"4994\" src=\"https:\/\/www.koncert.it\/wordpress\/wp-content\/uploads\/2024\/11\/20241128_Ass_soci2_2300-768x1024.jpg\" alt=\"\" class=\"wp-image-4994\" srcset=\"https:\/\/www.koncert.it\/wordpress\/wp-content\/uploads\/2024\/11\/20241128_Ass_soci2_2300-768x1024.jpg 768w, https:\/\/www.koncert.it\/wordpress\/wp-content\/uploads\/2024\/11\/20241128_Ass_soci2_2300-225x300.jpg 225w, https:\/\/www.koncert.it\/wordpress\/wp-content\/uploads\/2024\/11\/20241128_Ass_soci2_2300-1152x1536.jpg 1152w, https:\/\/www.koncert.it\/wordpress\/wp-content\/uploads\/2024\/11\/20241128_Ass_soci2_2300-1536x2048.jpg 1536w, https:\/\/www.koncert.it\/wordpress\/wp-content\/uploads\/2024\/11\/20241128_Ass_soci2_2300.jpg 1725w\" sizes=\"auto, (max-width: 768px) 100vw, 768px\" \/><\/figure>\n\n\n\n<figure class=\"wp-block-image size-large\"><img loading=\"lazy\" decoding=\"async\" width=\"1024\" height=\"768\" data-id=\"4993\" src=\"https:\/\/www.koncert.it\/wordpress\/wp-content\/uploads\/2024\/11\/20241128_Ass_soci3_2300-1024x768.jpg\" alt=\"\" class=\"wp-image-4993\" srcset=\"https:\/\/www.koncert.it\/wordpress\/wp-content\/uploads\/2024\/11\/20241128_Ass_soci3_2300-1024x768.jpg 1024w, https:\/\/www.koncert.it\/wordpress\/wp-content\/uploads\/2024\/11\/20241128_Ass_soci3_2300-300x225.jpg 300w, https:\/\/www.koncert.it\/wordpress\/wp-content\/uploads\/2024\/11\/20241128_Ass_soci3_2300-768x576.jpg 768w, https:\/\/www.koncert.it\/wordpress\/wp-content\/uploads\/2024\/11\/20241128_Ass_soci3_2300-1536x1152.jpg 1536w, https:\/\/www.koncert.it\/wordpress\/wp-content\/uploads\/2024\/11\/20241128_Ass_soci3_2300-2048x1536.jpg 2048w\" sizes=\"auto, (max-width: 1024px) 100vw, 1024px\" \/><\/figure>\n<\/figure>\n<\/div>\n<\/div>\n\n\n\n<p><\/p>\n","protected":false},"excerpt":{"rendered":"<p>Una partecipata assemblea dei soci quella svoltasi gioved\u00ec 28 novembre 2024 presso il Municipio di San Michele all&#8217;Adige. All&#8217;ordine del giorno, la surroga del compianto consigliere Giovanni Ghezzer, a cui subentra Viviana Tarter che da qualche mese supporta la cooperativa per la comunicazione esterna e i progetti europei, l&#8217;approvazione dell&#8217;Organo di Controllo e del Regolamento [&hellip;]<\/p>\n","protected":false},"author":3,"featured_media":4990,"comment_status":"open","ping_status":"open","sticky":false,"template":"","format":"standard","meta":{"om_disable_all_campaigns":false,"_monsterinsights_skip_tracking":false,"_monsterinsights_sitenote_active":false,"_monsterinsights_sitenote_note":"","_monsterinsights_sitenote_category":0,"footnotes":""},"categories":[5,16],"tags":[33,35,34],"class_list":["post-4988","post","type-post","status-publish","format-standard","has-post-thumbnail","hentry","category-news-k","category-soci","tag-assemblea","tag-regolamento","tag-soci"],"aioseo_notices":[],"_links":{"self":[{"href":"https:\/\/www.koncert.it\/index.php?rest_route=\/wp\/v2\/posts\/4988","targetHints":{"allow":["GET"]}}],"collection":[{"href":"https:\/\/www.koncert.it\/index.php?rest_route=\/wp\/v2\/posts"}],"about":[{"href":"https:\/\/www.koncert.it\/index.php?rest_route=\/wp\/v2\/types\/post"}],"author":[{"embeddable":true,"href":"https:\/\/www.koncert.it\/index.php?rest_route=\/wp\/v2\/users\/3"}],"replies":[{"embeddable":true,"href":"https:\/\/www.koncert.it\/index.php?rest_route=%2Fwp%2Fv2%2Fcomments&post=4988"}],"version-history":[{"count":4,"href":"https:\/\/www.koncert.it\/index.php?rest_route=\/wp\/v2\/posts\/4988\/revisions"}],"predecessor-version":[{"id":5015,"href":"https:\/\/www.koncert.it\/index.php?rest_route=\/wp\/v2\/posts\/4988\/revisions\/5015"}],"wp:featuredmedia":[{"embeddable":true,"href":"https:\/\/www.koncert.it\/index.php?rest_route=\/wp\/v2\/media\/4990"}],"wp:attachment":[{"href":"https:\/\/www.koncert.it\/index.php?rest_route=%2Fwp%2Fv2%2Fmedia&parent=4988"}],"wp:term":[{"taxonomy":"category","embeddable":true,"href":"https:\/\/www.koncert.it\/index.php?rest_route=%2Fwp%2Fv2%2Fcategories&post=4988"},{"taxonomy":"post_tag","embeddable":true,"href":"https:\/\/www.koncert.it\/index.php?rest_route=%2Fwp%2Fv2%2Ftags&post=4988"}],"curies":[{"name":"wp","href":"https:\/\/api.w.org\/{rel}","templated":true}]}}