{"id":2234,"date":"2024-12-14T12:46:00","date_gmt":"2024-12-14T12:46:00","guid":{"rendered":"http:\/\/defaults.extendstudio.net\/post-templates\/?p=11"},"modified":"2024-12-20T08:37:31","modified_gmt":"2024-12-20T08:37:31","slug":"mkt-mzl-24-12-14","status":"publish","type":"post","link":"https:\/\/www.koncert.it\/?p=2234","title":{"rendered":"Mercato Mezzolombardo &#8211; 14\/12\/2024"},"content":{"rendered":"\n<p class=\"wp-block-paragraph\">Il freddo non ha scoraggiato i nostri attivatori Max e Mariapia che hanno animato in pieno clima natalizio lo spazio in piazza Cassa di Risparmio a Mezzolombardo. Dimostrando la loro voglia di esserci e coinvolgere in quest&#8217;avventura sempre pi\u00f9 persone, perch\u00e9 il calore che conta \u00e8 quello umano!<\/p>\n\n\n\n<p class=\"wp-block-paragraph\">GRAZIE!<\/p>\n","protected":false},"excerpt":{"rendered":"<p>Il freddo non ha scoraggiato i nostri attivatori Max e Mariapia che hanno animato in pieno clima natalizio lo spazio in piazza Cassa di Risparmio a Mezzolombardo. Dimostrando la loro voglia di esserci e coinvolgere in quest&#8217;avventura sempre pi\u00f9 persone, perch\u00e9 il calore che conta \u00e8 quello umano! GRAZIE!<\/p>\n","protected":false},"author":3,"featured_media":6268,"comment_status":"open","ping_status":"open","sticky":false,"template":"","format":"standard","meta":{"om_disable_all_campaigns":false,"_monsterinsights_skip_tracking":false,"footnotes":""},"categories":[3],"tags":[36,14,23,29],"class_list":["post-2234","post","type-post","status-publish","format-standard","has-post-thumbnail","hentry","category-incontri-pubblici","tag-attivatori","tag-cittadinanza-attiva","tag-comunita","tag-partecipazione"],"aioseo_notices":[],"aioseo_head":"\n\t\t<!-- All in One SEO 5.0.1.1 - aioseo.com -->\n\t<meta name=\"description\" content=\"Il freddo non ha scoraggiato i nostri attivatori Max e Mariapia che hanno animato in pieno clima natalizio lo spazio in piazza Cassa di Risparmio a Mezzolombardo. Dimostrando la loro voglia di esserci e coinvolgere in quest&#039;avventura sempre pi\u00f9 persone, perch\u00e9 il calore che conta \u00e8 quello umano! GRAZIE!\" \/>\n\t<meta name=\"robots\" content=\"max-snippet:-1, max-image-preview:large, max-video-preview:-1\" \/>\n\t<meta name=\"author\" content=\"Viviana Tarter\"\/>\n\t<link rel=\"canonical\" href=\"https:\/\/www.koncert.it\/?p=2234\" \/>\n\t<meta name=\"generator\" content=\"All in One SEO (AIOSEO) 5.0.1.1\" \/>\n\t\t<meta property=\"og:locale\" content=\"it_IT\" \/>\n\t\t<meta property=\"og:site_name\" content=\"koncert - Comunit\u00e0 energetica rinnovabile per un futuro sostenibile nel nostro territorio\" \/>\n\t\t<meta property=\"og:type\" content=\"article\" \/>\n\t\t<meta property=\"og:title\" content=\"Mercato Mezzolombardo \u2013 14\/12\/2024 - koncert\" \/>\n\t\t<meta property=\"og:description\" content=\"Il freddo non ha scoraggiato i nostri attivatori Max e Mariapia che hanno animato in pieno clima natalizio lo spazio in piazza Cassa di Risparmio a Mezzolombardo. Dimostrando la loro voglia di esserci e coinvolgere in quest&#039;avventura sempre pi\u00f9 persone, perch\u00e9 il calore che conta \u00e8 quello umano! GRAZIE!\" \/>\n\t\t<meta property=\"og:url\" content=\"https:\/\/www.koncert.it\/?p=2234\" \/>\n\t\t<meta property=\"og:image\" content=\"https:\/\/www.koncert.it\/wordpress\/wp-content\/uploads\/2024\/10\/KonCeRT-tutte-le-versioni.ai_.png\" \/>\n\t\t<meta property=\"og:image:secure_url\" content=\"https:\/\/www.koncert.it\/wordpress\/wp-content\/uploads\/2024\/10\/KonCeRT-tutte-le-versioni.ai_.png\" \/>\n\t\t<meta property=\"article:published_time\" content=\"2024-12-14T12:46:00+00:00\" \/>\n\t\t<meta property=\"article:modified_time\" content=\"2024-12-20T08:37:31+00:00\" \/>\n\t\t<meta name=\"twitter:card\" content=\"summary_large_image\" \/>\n\t\t<meta name=\"twitter:title\" content=\"Mercato Mezzolombardo \u2013 14\/12\/2024 - koncert\" \/>\n\t\t<meta name=\"twitter:description\" content=\"Il freddo non ha scoraggiato i nostri attivatori Max e Mariapia che hanno animato in pieno clima natalizio lo spazio in piazza Cassa di Risparmio a Mezzolombardo. Dimostrando la loro voglia di esserci e coinvolgere in quest&#039;avventura sempre pi\u00f9 persone, perch\u00e9 il calore che conta \u00e8 quello umano! GRAZIE!\" \/>\n\t\t<meta name=\"twitter:image\" content=\"https:\/\/www.koncert.it\/wordpress\/wp-content\/uploads\/2024\/10\/KonCeRT-tutte-le-versioni.ai_.png\" \/>\n\t\t<script type=\"application\/ld+json\" class=\"aioseo-schema\">\n\t\t\t{\"@context\":\"https:\\\/\\\/schema.org\",\"@graph\":[{\"@type\":\"BlogPosting\",\"@id\":\"https:\\\/\\\/www.koncert.it\\\/?p=2234#blogposting\",\"name\":\"Mercato Mezzolombardo \\u2013 14\\\/12\\\/2024 - koncert\",\"headline\":\"Mercato Mezzolombardo &#8211; 14\\\/12\\\/2024\",\"author\":{\"@id\":\"https:\\\/\\\/www.koncert.it\\\/?author=3#author\"},\"publisher\":{\"@id\":\"https:\\\/\\\/www.koncert.it\\\/#organization\"},\"image\":{\"@type\":\"ImageObject\",\"url\":\"https:\\\/\\\/www.koncert.it\\\/wordpress\\\/wp-content\\\/uploads\\\/2019\\\/04\\\/2024_12_14_Mkt_Mzl.png\",\"width\":940,\"height\":788},\"datePublished\":\"2024-12-14T12:46:00+00:00\",\"dateModified\":\"2024-12-20T08:37:31+00:00\",\"inLanguage\":\"it-IT\",\"mainEntityOfPage\":{\"@id\":\"https:\\\/\\\/www.koncert.it\\\/?p=2234#webpage\"},\"isPartOf\":{\"@id\":\"https:\\\/\\\/www.koncert.it\\\/?p=2234#webpage\"},\"articleSection\":\"Incontri pubblici, attivatori, cittadinanza attiva, comunit\\u00e0, partecipazione\"},{\"@type\":\"BreadcrumbList\",\"@id\":\"https:\\\/\\\/www.koncert.it\\\/?p=2234#breadcrumblist\",\"itemListElement\":[{\"@type\":\"ListItem\",\"@id\":\"https:\\\/\\\/www.koncert.it#listItem\",\"position\":1,\"name\":\"Home\",\"item\":\"https:\\\/\\\/www.koncert.it\",\"nextItem\":{\"@type\":\"ListItem\",\"@id\":\"https:\\\/\\\/www.koncert.it\\\/?cat=3#listItem\",\"name\":\"Incontri pubblici\"}},{\"@type\":\"ListItem\",\"@id\":\"https:\\\/\\\/www.koncert.it\\\/?cat=3#listItem\",\"position\":2,\"name\":\"Incontri pubblici\",\"item\":\"https:\\\/\\\/www.koncert.it\\\/?cat=3\",\"nextItem\":{\"@type\":\"ListItem\",\"@id\":\"https:\\\/\\\/www.koncert.it\\\/?p=2234#listItem\",\"name\":\"Mercato Mezzolombardo &#8211; 14\\\/12\\\/2024\"},\"previousItem\":{\"@type\":\"ListItem\",\"@id\":\"https:\\\/\\\/www.koncert.it#listItem\",\"name\":\"Home\"}},{\"@type\":\"ListItem\",\"@id\":\"https:\\\/\\\/www.koncert.it\\\/?p=2234#listItem\",\"position\":3,\"name\":\"Mercato Mezzolombardo &#8211; 14\\\/12\\\/2024\",\"previousItem\":{\"@type\":\"ListItem\",\"@id\":\"https:\\\/\\\/www.koncert.it\\\/?cat=3#listItem\",\"name\":\"Incontri pubblici\"}}]},{\"@type\":\"Organization\",\"@id\":\"https:\\\/\\\/www.koncert.it\\\/#organization\",\"name\":\"koncert\",\"description\":\"Comunit\\u00e0 energetica rinnovabile per un futuro sostenibile nel nostro territorio\",\"url\":\"https:\\\/\\\/www.koncert.it\\\/\",\"logo\":{\"@type\":\"ImageObject\",\"url\":\"https:\\\/\\\/www.koncert.it\\\/wordpress\\\/wp-content\\\/uploads\\\/2024\\\/10\\\/KonCeRT-tutte-le-versioni.ai_.png\",\"@id\":\"https:\\\/\\\/www.koncert.it\\\/?p=2234\\\/#organizationLogo\",\"width\":2000,\"height\":1414},\"image\":{\"@id\":\"https:\\\/\\\/www.koncert.it\\\/?p=2234\\\/#organizationLogo\"}},{\"@type\":\"Person\",\"@id\":\"https:\\\/\\\/www.koncert.it\\\/?author=3#author\",\"url\":\"https:\\\/\\\/www.koncert.it\\\/?author=3\",\"name\":\"Viviana Tarter\",\"image\":{\"@type\":\"ImageObject\",\"@id\":\"https:\\\/\\\/www.koncert.it\\\/?p=2234#authorImage\",\"url\":\"https:\\\/\\\/secure.gravatar.com\\\/avatar\\\/733d4bd40c0d9e688001446034c31dff37ac4f288d470c9e3aea5e2b91a10629?s=96&d=mm&r=g\",\"width\":96,\"height\":96,\"caption\":\"Viviana Tarter\"}},{\"@type\":\"WebPage\",\"@id\":\"https:\\\/\\\/www.koncert.it\\\/?p=2234#webpage\",\"url\":\"https:\\\/\\\/www.koncert.it\\\/?p=2234\",\"name\":\"Mercato Mezzolombardo \\u2013 14\\\/12\\\/2024 - koncert\",\"description\":\"Il freddo non ha scoraggiato i nostri attivatori Max e Mariapia che hanno animato in pieno clima natalizio lo spazio in piazza Cassa di Risparmio a Mezzolombardo. Dimostrando la loro voglia di esserci e coinvolgere in quest'avventura sempre pi\\u00f9 persone, perch\\u00e9 il calore che conta \\u00e8 quello umano! GRAZIE!\",\"inLanguage\":\"it-IT\",\"isPartOf\":{\"@id\":\"https:\\\/\\\/www.koncert.it\\\/#website\"},\"breadcrumb\":{\"@id\":\"https:\\\/\\\/www.koncert.it\\\/?p=2234#breadcrumblist\"},\"author\":{\"@id\":\"https:\\\/\\\/www.koncert.it\\\/?author=3#author\"},\"creator\":{\"@id\":\"https:\\\/\\\/www.koncert.it\\\/?author=3#author\"},\"image\":{\"@type\":\"ImageObject\",\"url\":\"https:\\\/\\\/www.koncert.it\\\/wordpress\\\/wp-content\\\/uploads\\\/2019\\\/04\\\/2024_12_14_Mkt_Mzl.png\",\"@id\":\"https:\\\/\\\/www.koncert.it\\\/?p=2234\\\/#mainImage\",\"width\":940,\"height\":788},\"primaryImageOfPage\":{\"@id\":\"https:\\\/\\\/www.koncert.it\\\/?p=2234#mainImage\"},\"datePublished\":\"2024-12-14T12:46:00+00:00\",\"dateModified\":\"2024-12-20T08:37:31+00:00\"},{\"@type\":\"WebSite\",\"@id\":\"https:\\\/\\\/www.koncert.it\\\/#website\",\"url\":\"https:\\\/\\\/www.koncert.it\\\/\",\"name\":\"koncert\",\"description\":\"Comunit\\u00e0 energetica rinnovabile per un futuro sostenibile nel nostro territorio\",\"inLanguage\":\"it-IT\",\"publisher\":{\"@id\":\"https:\\\/\\\/www.koncert.it\\\/#organization\"}}]}\n\t\t<\/script>\n\t\t<!-- All in One SEO -->\n\n","aioseo_head_json":{"title":"Mercato Mezzolombardo \u2013 14\/12\/2024 - koncert","description":"Il freddo non ha scoraggiato i nostri attivatori Max e Mariapia che hanno animato in pieno clima natalizio lo spazio in piazza Cassa di Risparmio a Mezzolombardo. Dimostrando la loro voglia di esserci e coinvolgere in quest'avventura sempre pi\u00f9 persone, perch\u00e9 il calore che conta \u00e8 quello umano! GRAZIE!","canonical_url":"https:\/\/www.koncert.it\/?p=2234","robots":"max-snippet:-1, max-image-preview:large, max-video-preview:-1","keywords":"","webmasterTools":{"miscellaneous":""},"schema":{"@context":"https:\/\/schema.org","@graph":[{"@type":"BlogPosting","@id":"https:\/\/www.koncert.it\/?p=2234#blogposting","name":"Mercato Mezzolombardo \u2013 14\/12\/2024 - koncert","headline":"Mercato Mezzolombardo &#8211; 14\/12\/2024","author":{"@id":"https:\/\/www.koncert.it\/?author=3#author"},"publisher":{"@id":"https:\/\/www.koncert.it\/#organization"},"image":{"@type":"ImageObject","url":"https:\/\/www.koncert.it\/wordpress\/wp-content\/uploads\/2019\/04\/2024_12_14_Mkt_Mzl.png","width":940,"height":788},"datePublished":"2024-12-14T12:46:00+00:00","dateModified":"2024-12-20T08:37:31+00:00","inLanguage":"it-IT","mainEntityOfPage":{"@id":"https:\/\/www.koncert.it\/?p=2234#webpage"},"isPartOf":{"@id":"https:\/\/www.koncert.it\/?p=2234#webpage"},"articleSection":"Incontri pubblici, attivatori, cittadinanza attiva, comunit\u00e0, partecipazione"},{"@type":"BreadcrumbList","@id":"https:\/\/www.koncert.it\/?p=2234#breadcrumblist","itemListElement":[{"@type":"ListItem","@id":"https:\/\/www.koncert.it#listItem","position":1,"name":"Home","item":"https:\/\/www.koncert.it","nextItem":{"@type":"ListItem","@id":"https:\/\/www.koncert.it\/?cat=3#listItem","name":"Incontri pubblici"}},{"@type":"ListItem","@id":"https:\/\/www.koncert.it\/?cat=3#listItem","position":2,"name":"Incontri pubblici","item":"https:\/\/www.koncert.it\/?cat=3","nextItem":{"@type":"ListItem","@id":"https:\/\/www.koncert.it\/?p=2234#listItem","name":"Mercato Mezzolombardo &#8211; 14\/12\/2024"},"previousItem":{"@type":"ListItem","@id":"https:\/\/www.koncert.it#listItem","name":"Home"}},{"@type":"ListItem","@id":"https:\/\/www.koncert.it\/?p=2234#listItem","position":3,"name":"Mercato Mezzolombardo &#8211; 14\/12\/2024","previousItem":{"@type":"ListItem","@id":"https:\/\/www.koncert.it\/?cat=3#listItem","name":"Incontri pubblici"}}]},{"@type":"Organization","@id":"https:\/\/www.koncert.it\/#organization","name":"koncert","description":"Comunit\u00e0 energetica rinnovabile per un futuro sostenibile nel nostro territorio","url":"https:\/\/www.koncert.it\/","logo":{"@type":"ImageObject","url":"https:\/\/www.koncert.it\/wordpress\/wp-content\/uploads\/2024\/10\/KonCeRT-tutte-le-versioni.ai_.png","@id":"https:\/\/www.koncert.it\/?p=2234\/#organizationLogo","width":2000,"height":1414},"image":{"@id":"https:\/\/www.koncert.it\/?p=2234\/#organizationLogo"}},{"@type":"Person","@id":"https:\/\/www.koncert.it\/?author=3#author","url":"https:\/\/www.koncert.it\/?author=3","name":"Viviana Tarter","image":{"@type":"ImageObject","@id":"https:\/\/www.koncert.it\/?p=2234#authorImage","url":"https:\/\/secure.gravatar.com\/avatar\/733d4bd40c0d9e688001446034c31dff37ac4f288d470c9e3aea5e2b91a10629?s=96&d=mm&r=g","width":96,"height":96,"caption":"Viviana Tarter"}},{"@type":"WebPage","@id":"https:\/\/www.koncert.it\/?p=2234#webpage","url":"https:\/\/www.koncert.it\/?p=2234","name":"Mercato Mezzolombardo \u2013 14\/12\/2024 - koncert","description":"Il freddo non ha scoraggiato i nostri attivatori Max e Mariapia che hanno animato in pieno clima natalizio lo spazio in piazza Cassa di Risparmio a Mezzolombardo. Dimostrando la loro voglia di esserci e coinvolgere in quest'avventura sempre pi\u00f9 persone, perch\u00e9 il calore che conta \u00e8 quello umano! GRAZIE!","inLanguage":"it-IT","isPartOf":{"@id":"https:\/\/www.koncert.it\/#website"},"breadcrumb":{"@id":"https:\/\/www.koncert.it\/?p=2234#breadcrumblist"},"author":{"@id":"https:\/\/www.koncert.it\/?author=3#author"},"creator":{"@id":"https:\/\/www.koncert.it\/?author=3#author"},"image":{"@type":"ImageObject","url":"https:\/\/www.koncert.it\/wordpress\/wp-content\/uploads\/2019\/04\/2024_12_14_Mkt_Mzl.png","@id":"https:\/\/www.koncert.it\/?p=2234\/#mainImage","width":940,"height":788},"primaryImageOfPage":{"@id":"https:\/\/www.koncert.it\/?p=2234#mainImage"},"datePublished":"2024-12-14T12:46:00+00:00","dateModified":"2024-12-20T08:37:31+00:00"},{"@type":"WebSite","@id":"https:\/\/www.koncert.it\/#website","url":"https:\/\/www.koncert.it\/","name":"koncert","description":"Comunit\u00e0 energetica rinnovabile per un futuro sostenibile nel nostro territorio","inLanguage":"it-IT","publisher":{"@id":"https:\/\/www.koncert.it\/#organization"}}]},"og:locale":"it_IT","og:site_name":"koncert - Comunit\u00e0 energetica rinnovabile per un futuro sostenibile nel nostro territorio","og:type":"article","og:title":"Mercato Mezzolombardo \u2013 14\/12\/2024 - koncert","og:description":"Il freddo non ha scoraggiato i nostri attivatori Max e Mariapia che hanno animato in pieno clima natalizio lo spazio in piazza Cassa di Risparmio a Mezzolombardo. Dimostrando la loro voglia di esserci e coinvolgere in quest'avventura sempre pi\u00f9 persone, perch\u00e9 il calore che conta \u00e8 quello umano! GRAZIE!","og:url":"https:\/\/www.koncert.it\/?p=2234","og:image":"https:\/\/www.koncert.it\/wordpress\/wp-content\/uploads\/2024\/10\/KonCeRT-tutte-le-versioni.ai_.png","og:image:secure_url":"https:\/\/www.koncert.it\/wordpress\/wp-content\/uploads\/2024\/10\/KonCeRT-tutte-le-versioni.ai_.png","article:published_time":"2024-12-14T12:46:00+00:00","article:modified_time":"2024-12-20T08:37:31+00:00","twitter:card":"summary_large_image","twitter:title":"Mercato Mezzolombardo \u2013 14\/12\/2024 - koncert","twitter:description":"Il freddo non ha scoraggiato i nostri attivatori Max e Mariapia che hanno animato in pieno clima natalizio lo spazio in piazza Cassa di Risparmio a Mezzolombardo. Dimostrando la loro voglia di esserci e coinvolgere in quest'avventura sempre pi\u00f9 persone, perch\u00e9 il calore che conta \u00e8 quello umano! GRAZIE!","twitter:image":"https:\/\/www.koncert.it\/wordpress\/wp-content\/uploads\/2024\/10\/KonCeRT-tutte-le-versioni.ai_.png"},"aioseo_meta_data":[],"aioseo_breadcrumb":"<div class=\"aioseo-breadcrumbs\"><span class=\"aioseo-breadcrumb\">\n\t\t\t<a href=\"https:\/\/www.koncert.it\" title=\"Home\">Home<\/a>\n\t\t<\/span><span class=\"aioseo-breadcrumb-separator\">&raquo;<\/span><span class=\"aioseo-breadcrumb\">\n\t\t\t<a href=\"https:\/\/www.koncert.it\/?cat=3\" title=\"Incontri pubblici\">Incontri pubblici<\/a>\n\t\t<\/span><span class=\"aioseo-breadcrumb-separator\">&raquo;<\/span><span class=\"aioseo-breadcrumb\">\n\t\t\tMercato Mezzolombardo \u2013 14\/12\/2024\n\t\t<\/span><\/div>","aioseo_breadcrumb_json":[{"label":"Home","link":"https:\/\/www.koncert.it"},{"label":"Incontri pubblici","link":"https:\/\/www.koncert.it\/?cat=3"},{"label":"Mercato Mezzolombardo &#8211; 14\/12\/2024","link":"https:\/\/www.koncert.it\/?p=2234"}],"_links":{"self":[{"href":"https:\/\/www.koncert.it\/index.php?rest_route=\/wp\/v2\/posts\/2234","targetHints":{"allow":["GET"]}}],"collection":[{"href":"https:\/\/www.koncert.it\/index.php?rest_route=\/wp\/v2\/posts"}],"about":[{"href":"https:\/\/www.koncert.it\/index.php?rest_route=\/wp\/v2\/types\/post"}],"author":[{"embeddable":true,"href":"https:\/\/www.koncert.it\/index.php?rest_route=\/wp\/v2\/users\/3"}],"replies":[{"embeddable":true,"href":"https:\/\/www.koncert.it\/index.php?rest_route=%2Fwp%2Fv2%2Fcomments&post=2234"}],"version-history":[{"count":3,"href":"https:\/\/www.koncert.it\/index.php?rest_route=\/wp\/v2\/posts\/2234\/revisions"}],"predecessor-version":[{"id":6304,"href":"https:\/\/www.koncert.it\/index.php?rest_route=\/wp\/v2\/posts\/2234\/revisions\/6304"}],"wp:featuredmedia":[{"embeddable":true,"href":"https:\/\/www.koncert.it\/index.php?rest_route=\/wp\/v2\/media\/6268"}],"wp:attachment":[{"href":"https:\/\/www.koncert.it\/index.php?rest_route=%2Fwp%2Fv2%2Fmedia&parent=2234"}],"wp:term":[{"taxonomy":"category","embeddable":true,"href":"https:\/\/www.koncert.it\/index.php?rest_route=%2Fwp%2Fv2%2Fcategories&post=2234"},{"taxonomy":"post_tag","embeddable":true,"href":"https:\/\/www.koncert.it\/index.php?rest_route=%2Fwp%2Fv2%2Ftags&post=2234"}],"curies":[{"name":"wp","href":"https:\/\/api.w.org\/{rel}","templated":true}]}}